{"id":2400,"date":"2016-08-29T21:43:36","date_gmt":"2016-08-30T04:43:36","guid":{"rendered":"http:\/\/www.arizonafoothillsmagazine.com\/in-house\/?p=2400"},"modified":"2016-08-29T21:43:36","modified_gmt":"2016-08-30T04:43:36","slug":"ikea-svartan-collection-launches-september-1","status":"publish","type":"post","link":"https:\/\/www.arizonafoothillsmagazine.com\/in-house\/in-house-news\/ikea-svartan-collection-launches-september-1","title":{"rendered":"IKEA SV\u00c4RTAN Collection Launches September 1"},"content":{"rendered":"<p><img  loading=\"lazy\"  decoding=\"async\"  class=\"size-medium wp-image-2401 aligncenter pk-lqip pk-lazyload\"  src=\"https:\/\/media.arizonafoothillsmagazine.com\/in-house\/wp-content\/uploads\/2016\/08\/25100114\/IKEA-SVA%CC%88RTAN-collection__20171_thle01a_01_PH135596-80x42.jpg\"  alt=\"IKEA SVA\u0308RTAN collection__20171_thle01a_01_PH135596\"  width=\"300\"  height=\"156\"  data-pk-sizes=\"auto\"  data-ls-sizes=\"auto, (max-width: 300px) 100vw, 300px\"  data-pk-src=\"https:\/\/media.arizonafoothillsmagazine.com\/in-house\/wp-content\/uploads\/2016\/08\/25100114\/IKEA-SVA%CC%88RTAN-collection__20171_thle01a_01_PH135596-300x156.jpg\"  data-pk-srcset=\"https:\/\/media.arizonafoothillsmagazine.com\/in-house\/wp-content\/uploads\/2016\/08\/25100114\/IKEA-SVA%CC%88RTAN-collection__20171_thle01a_01_PH135596-300x156.jpg 300w, https:\/\/media.arizonafoothillsmagazine.com\/in-house\/wp-content\/uploads\/2016\/08\/25100114\/IKEA-SVA%CC%88RTAN-collection__20171_thle01a_01_PH135596-1024x531.jpg 1024w, https:\/\/media.arizonafoothillsmagazine.com\/in-house\/wp-content\/uploads\/2016\/08\/25100114\/IKEA-SVA%CC%88RTAN-collection__20171_thle01a_01_PH135596-768x398.jpg 768w, https:\/\/media.arizonafoothillsmagazine.com\/in-house\/wp-content\/uploads\/2016\/08\/25100114\/IKEA-SVA%CC%88RTAN-collection__20171_thle01a_01_PH135596-380x197.jpg 380w, https:\/\/media.arizonafoothillsmagazine.com\/in-house\/wp-content\/uploads\/2016\/08\/25100114\/IKEA-SVA%CC%88RTAN-collection__20171_thle01a_01_PH135596-800x415.jpg 800w, https:\/\/media.arizonafoothillsmagazine.com\/in-house\/wp-content\/uploads\/2016\/08\/25100114\/IKEA-SVA%CC%88RTAN-collection__20171_thle01a_01_PH135596-80x42.jpg 80w, https:\/\/media.arizonafoothillsmagazine.com\/in-house\/wp-content\/uploads\/2016\/08\/25100114\/IKEA-SVA%CC%88RTAN-collection__20171_thle01a_01_PH135596-750x389.jpg 750w, https:\/\/media.arizonafoothillsmagazine.com\/in-house\/wp-content\/uploads\/2016\/08\/25100114\/IKEA-SVA%CC%88RTAN-collection__20171_thle01a_01_PH135596-620x322.jpg 620w, https:\/\/media.arizonafoothillsmagazine.com\/in-house\/wp-content\/uploads\/2016\/08\/25100114\/IKEA-SVA%CC%88RTAN-collection__20171_thle01a_01_PH135596-850x441.jpg 850w, https:\/\/media.arizonafoothillsmagazine.com\/in-house\/wp-content\/uploads\/2016\/08\/25100114\/IKEA-SVA%CC%88RTAN-collection__20171_thle01a_01_PH135596.jpg 1060w\" ><\/p>\n<p>In September, IKEA will inspire customers to discover an unknown, urban side to Indian culture with their new, limited edition SV\u00c4RTAN collection. SV\u00c4RTAN is the product of a collaboration with Swedish fashion and textile designer Martin Bergstr\u00f6m and Indian fashion students.<\/p>\n<p>The collection is comprised of textiles, paper items, glassware, ceramics and metal items. Bergstr\u00f6m decided to use only black, white and shades of gray for the products to highlight a side of India that is deeper than the vivid colors that usually are associated with the country\u2019s culture. The subtle textures and abstract patterns featured on the pieces in this collection were inspired by inner-city areas of India. Bergstr\u00f6m says that he wanted to encourage customers to see beauty in the seemingly mundane.<\/p>\n<p><img  loading=\"lazy\"  decoding=\"async\"  class=\"alignnone size-medium wp-image-2404 aligncenter pk-lqip pk-lazyload\"  src=\"https:\/\/media.arizonafoothillsmagazine.com\/in-house\/wp-content\/uploads\/2016\/08\/25100126\/Screen-Shot-2016-08-29-at-9.29.40-PM-80x49.jpg\"  alt=\"Screen Shot 2016-08-29 at 9.29.40 PM\"  width=\"300\"  height=\"183\"  data-pk-sizes=\"auto\"  data-pk-src=\"http:\/\/www.arizonafoothillsmagazine.com\/in-house\/wp-content\/uploads\/Screen-Shot-2016-08-29-at-9.29.40-PM-300x183.png\" ><\/p>\n<p>\u201cMy idea was to create a modern interpretation of India and its heritage, a country with designs that are perceived in the West as colorful, golden and shiny,\u201d Bergstr\u00f6m says.<\/p>\n<p>The entire SV\u00c4RTAN collection was made in India and each item has a handmade appearance. With many different materials, patterns, and textures used in the line, the black white and gray really tie everything together.<\/p>\n<p>Twenty-five students from the National Institute of Fashion Technology (NIFT) in New Delhi attended a workshop with Bergstr\u00f6m, where they created sample imprints and drawings. These were inspired by unexpected places, such as patterns in surfaces and distressed walls, or dangling cables over the streets. They were looking to find a balance between the organic and the abstract to highlight things that people usually overlook.<\/p>\n<p><img  loading=\"lazy\"  decoding=\"async\"  class=\"alignnone size-medium wp-image-2402 aligncenter pk-lqip pk-lazyload\"  src=\"https:\/\/media.arizonafoothillsmagazine.com\/in-house\/wp-content\/uploads\/2016\/08\/25100119\/Screen-Shot-2016-08-29-at-9.30.21-PM-80x58.jpg\"  alt=\"Screen Shot 2016-08-29 at 9.30.21 PM\"  width=\"300\"  height=\"218\"  data-pk-sizes=\"auto\"  data-pk-src=\"http:\/\/www.arizonafoothillsmagazine.com\/in-house\/wp-content\/uploads\/Screen-Shot-2016-08-29-at-9.30.21-PM-300x218.png\" ><\/p>\n<p>\u201cWe made over 2000 drawings in the workshop, while in the final collection there are around 15 patterns,\u201d Bergstr\u00f6m says.<\/p>\n<p>As SV\u00c4RTAN is a limited edition collection, products are only released and available in stores, while supplies last. The products will be available beginning September 1, 2016.<\/p>\n<p>For more information on IKEA and the SV\u00c4RTAN collection, visit <a href=\"http:\/\/www.ikea.com\/us\/en\/\">http:\/\/www.ikea.com\/us\/en\/<\/a>.<\/p>\n<p><img  loading=\"lazy\"  decoding=\"async\"  class=\"size-medium wp-image-2405 aligncenter pk-lqip pk-lazyload\"  src=\"https:\/\/media.arizonafoothillsmagazine.com\/in-house\/wp-content\/uploads\/2016\/08\/25100130\/Screen-Shot-2016-08-29-at-9.29.20-PM-80x53.jpg\"  alt=\"Screen Shot 2016-08-29 at 9.29.20 PM\"  width=\"300\"  height=\"199\"  data-pk-sizes=\"auto\"  data-pk-src=\"http:\/\/www.arizonafoothillsmagazine.com\/in-house\/wp-content\/uploads\/Screen-Shot-2016-08-29-at-9.29.20-PM-300x199.png\" ><\/p>\n","protected":false},"excerpt":{"rendered":"In September, IKEA will inspire customers to discover an unknown, urban side to Indian culture with their new,&hellip;\n","protected":false},"author":12,"featured_media":2401,"comment_status":"open","ping_status":"open","sticky":false,"template":"","format":"standard","meta":{"_monsterinsights_skip_tracking":false,"_monsterinsights_sitenote_active":false,"_monsterinsights_sitenote_note":"","_monsterinsights_sitenote_category":0,"footnotes":""},"categories":[3,6],"tags":[1517,1866,984,1865,1867,1869,1868,1864],"class_list":{"0":"post-2400","1":"post","2":"type-post","3":"status-publish","4":"format-standard","5":"has-post-thumbnail","7":"category-decor-and-accessories","8":"category-in-house-news","9":"tag-ikea","10":"tag-india","11":"tag-indian","12":"tag-martin-bergstrom","13":"tag-national-institute-of-fashion-technology","14":"tag-new-delhi","15":"tag-nift","16":"tag-svartan","17":"cs-entry","18":"cs-video-wrap"},"yoast_head":"<!-- This site is optimized with the Yoast SEO plugin v27.4 - https:\/\/yoast.com\/product\/yoast-seo-wordpress\/ -->\n<title>IKEA SV\u00c4RTAN Collection Launches September 1<\/title>\n<meta name=\"description\" content=\"The IKEA SV\u00c4RTAN collection is the product of a collaboration with Swedish textile designer, Martin Bergstr\u00f6m and Indian fashion students.\" \/>\n<meta name=\"robots\" content=\"index, follow, max-snippet:-1, max-image-preview:large, max-video-preview:-1\" \/>\n<link rel=\"canonical\" href=\"https:\/\/www.arizonafoothillsmagazine.com\/in-house\/in-house-news\/ikea-svartan-collection-launches-september-1\" \/>\n<meta property=\"og:locale\" content=\"en_US\" \/>\n<meta property=\"og:type\" content=\"article\" \/>\n<meta property=\"og:title\" content=\"IKEA SV\u00c4RTAN Collection Launches September 1\" \/>\n<meta property=\"og:description\" content=\"The IKEA SV\u00c4RTAN collection is the product of a collaboration with Swedish textile designer, Martin Bergstr\u00f6m and Indian fashion students.\" \/>\n<meta property=\"og:url\" content=\"https:\/\/www.arizonafoothillsmagazine.com\/in-house\/in-house-news\/ikea-svartan-collection-launches-september-1\" \/>\n<meta property=\"og:site_name\" content=\"In House\" \/>\n<meta property=\"article:published_time\" content=\"2016-08-30T04:43:36+00:00\" \/>\n<meta property=\"og:image\" content=\"https:\/\/media.arizonafoothillsmagazine.com\/in-house\/wp-content\/uploads\/2016\/08\/25100114\/IKEA-SVA%CC%88RTAN-collection__20171_thle01a_01_PH135596.jpg\" \/>\n\t<meta property=\"og:image:width\" content=\"1060\" \/>\n\t<meta property=\"og:image:height\" content=\"550\" \/>\n\t<meta property=\"og:image:type\" content=\"image\/jpeg\" \/>\n<meta name=\"author\" content=\"Samantha Stull\" \/>\n<meta name=\"twitter:card\" content=\"summary_large_image\" \/>\n<script type=\"application\/ld+json\" class=\"yoast-schema-graph\">{\"@context\":\"https:\\\/\\\/schema.org\",\"@graph\":[{\"@type\":\"Article\",\"@id\":\"https:\\\/\\\/www.arizonafoothillsmagazine.com\\\/in-house\\\/in-house-news\\\/ikea-svartan-collection-launches-september-1#article\",\"isPartOf\":{\"@id\":\"https:\\\/\\\/www.arizonafoothillsmagazine.com\\\/in-house\\\/in-house-news\\\/ikea-svartan-collection-launches-september-1\"},\"author\":{\"name\":\"Samantha Stull\",\"@id\":\"https:\\\/\\\/www.arizonafoothillsmagazine.com\\\/in-house\\\/#\\\/schema\\\/person\\\/0a1ec3ca7bd3d6dd7c51ae86e4e08849\"},\"headline\":\"IKEA SV\u00c4RTAN Collection Launches September 1\",\"datePublished\":\"2016-08-30T04:43:36+00:00\",\"mainEntityOfPage\":{\"@id\":\"https:\\\/\\\/www.arizonafoothillsmagazine.com\\\/in-house\\\/in-house-news\\\/ikea-svartan-collection-launches-september-1\"},\"wordCount\":331,\"commentCount\":0,\"publisher\":{\"@id\":\"https:\\\/\\\/www.arizonafoothillsmagazine.com\\\/in-house\\\/#organization\"},\"image\":{\"@id\":\"https:\\\/\\\/www.arizonafoothillsmagazine.com\\\/in-house\\\/in-house-news\\\/ikea-svartan-collection-launches-september-1#primaryimage\"},\"thumbnailUrl\":\"https:\\\/\\\/media.arizonafoothillsmagazine.com\\\/in-house\\\/wp-content\\\/uploads\\\/2016\\\/08\\\/25100114\\\/IKEA-SVA%CC%88RTAN-collection__20171_thle01a_01_PH135596.jpg\",\"keywords\":[\"Ikea\",\"India\",\"Indian\",\"Martin Bergstr\u00f6m\",\"National Institute of Fashion Technology\",\"New Delhi\",\"NIFT\",\"SV\u00c4RTAN\"],\"articleSection\":[\"D\u00e9cor and Accessories\",\"In House News\"],\"inLanguage\":\"en-US\",\"potentialAction\":[{\"@type\":\"CommentAction\",\"name\":\"Comment\",\"target\":[\"https:\\\/\\\/www.arizonafoothillsmagazine.com\\\/in-house\\\/in-house-news\\\/ikea-svartan-collection-launches-september-1#respond\"]}]},{\"@type\":\"WebPage\",\"@id\":\"https:\\\/\\\/www.arizonafoothillsmagazine.com\\\/in-house\\\/in-house-news\\\/ikea-svartan-collection-launches-september-1\",\"url\":\"https:\\\/\\\/www.arizonafoothillsmagazine.com\\\/in-house\\\/in-house-news\\\/ikea-svartan-collection-launches-september-1\",\"name\":\"IKEA SV\u00c4RTAN Collection Launches September 1\",\"isPartOf\":{\"@id\":\"https:\\\/\\\/www.arizonafoothillsmagazine.com\\\/in-house\\\/#website\"},\"primaryImageOfPage\":{\"@id\":\"https:\\\/\\\/www.arizonafoothillsmagazine.com\\\/in-house\\\/in-house-news\\\/ikea-svartan-collection-launches-september-1#primaryimage\"},\"image\":{\"@id\":\"https:\\\/\\\/www.arizonafoothillsmagazine.com\\\/in-house\\\/in-house-news\\\/ikea-svartan-collection-launches-september-1#primaryimage\"},\"thumbnailUrl\":\"https:\\\/\\\/media.arizonafoothillsmagazine.com\\\/in-house\\\/wp-content\\\/uploads\\\/2016\\\/08\\\/25100114\\\/IKEA-SVA%CC%88RTAN-collection__20171_thle01a_01_PH135596.jpg\",\"datePublished\":\"2016-08-30T04:43:36+00:00\",\"description\":\"The IKEA SV\u00c4RTAN collection is the product of a collaboration with Swedish textile designer, Martin Bergstr\u00f6m and Indian fashion students.\",\"inLanguage\":\"en-US\",\"potentialAction\":[{\"@type\":\"ReadAction\",\"target\":[\"https:\\\/\\\/www.arizonafoothillsmagazine.com\\\/in-house\\\/in-house-news\\\/ikea-svartan-collection-launches-september-1\"]}]},{\"@type\":\"ImageObject\",\"inLanguage\":\"en-US\",\"@id\":\"https:\\\/\\\/www.arizonafoothillsmagazine.com\\\/in-house\\\/in-house-news\\\/ikea-svartan-collection-launches-september-1#primaryimage\",\"url\":\"https:\\\/\\\/media.arizonafoothillsmagazine.com\\\/in-house\\\/wp-content\\\/uploads\\\/2016\\\/08\\\/25100114\\\/IKEA-SVA%CC%88RTAN-collection__20171_thle01a_01_PH135596.jpg\",\"contentUrl\":\"https:\\\/\\\/media.arizonafoothillsmagazine.com\\\/in-house\\\/wp-content\\\/uploads\\\/2016\\\/08\\\/25100114\\\/IKEA-SVA%CC%88RTAN-collection__20171_thle01a_01_PH135596.jpg\",\"width\":1060,\"height\":550},{\"@type\":\"WebSite\",\"@id\":\"https:\\\/\\\/www.arizonafoothillsmagazine.com\\\/in-house\\\/#website\",\"url\":\"https:\\\/\\\/www.arizonafoothillsmagazine.com\\\/in-house\\\/\",\"name\":\"In House\",\"description\":\"\",\"publisher\":{\"@id\":\"https:\\\/\\\/www.arizonafoothillsmagazine.com\\\/in-house\\\/#organization\"},\"potentialAction\":[{\"@type\":\"SearchAction\",\"target\":{\"@type\":\"EntryPoint\",\"urlTemplate\":\"https:\\\/\\\/www.arizonafoothillsmagazine.com\\\/in-house\\\/?s={search_term_string}\"},\"query-input\":{\"@type\":\"PropertyValueSpecification\",\"valueRequired\":true,\"valueName\":\"search_term_string\"}}],\"inLanguage\":\"en-US\"},{\"@type\":\"Organization\",\"@id\":\"https:\\\/\\\/www.arizonafoothillsmagazine.com\\\/in-house\\\/#organization\",\"name\":\"AZFoothills.com LLC\",\"url\":\"https:\\\/\\\/www.arizonafoothillsmagazine.com\\\/in-house\\\/\",\"logo\":{\"@type\":\"ImageObject\",\"inLanguage\":\"en-US\",\"@id\":\"https:\\\/\\\/www.arizonafoothillsmagazine.com\\\/in-house\\\/#\\\/schema\\\/logo\\\/image\\\/\",\"url\":\"https:\\\/\\\/media.arizonafoothillsmagazine.com\\\/in-house\\\/wp-content\\\/uploads\\\/2021\\\/06\\\/25151206\\\/apple-touch-icon.jpg\",\"contentUrl\":\"https:\\\/\\\/media.arizonafoothillsmagazine.com\\\/in-house\\\/wp-content\\\/uploads\\\/2021\\\/06\\\/25151206\\\/apple-touch-icon.jpg\",\"width\":180,\"height\":180,\"caption\":\"AZFoothills.com LLC\"},\"image\":{\"@id\":\"https:\\\/\\\/www.arizonafoothillsmagazine.com\\\/in-house\\\/#\\\/schema\\\/logo\\\/image\\\/\"}},{\"@type\":\"Person\",\"@id\":\"https:\\\/\\\/www.arizonafoothillsmagazine.com\\\/in-house\\\/#\\\/schema\\\/person\\\/0a1ec3ca7bd3d6dd7c51ae86e4e08849\",\"name\":\"Samantha Stull\",\"image\":{\"@type\":\"ImageObject\",\"inLanguage\":\"en-US\",\"@id\":\"https:\\\/\\\/secure.gravatar.com\\\/avatar\\\/4f0942a24ba74a4253b53a23152b4fb7bdea35f41075022b991f5f25299b7d20?s=96&d=mm&r=g\",\"url\":\"https:\\\/\\\/secure.gravatar.com\\\/avatar\\\/4f0942a24ba74a4253b53a23152b4fb7bdea35f41075022b991f5f25299b7d20?s=96&d=mm&r=g\",\"contentUrl\":\"https:\\\/\\\/secure.gravatar.com\\\/avatar\\\/4f0942a24ba74a4253b53a23152b4fb7bdea35f41075022b991f5f25299b7d20?s=96&d=mm&r=g\",\"caption\":\"Samantha Stull\"},\"url\":\"https:\\\/\\\/www.arizonafoothillsmagazine.com\\\/in-house\\\/author\\\/samantha\"}]}<\/script>\n<!-- \/ Yoast SEO plugin. -->","yoast_head_json":{"title":"IKEA SV\u00c4RTAN Collection Launches September 1","description":"The IKEA SV\u00c4RTAN collection is the product of a collaboration with Swedish textile designer, Martin Bergstr\u00f6m and Indian fashion students.","robots":{"index":"index","follow":"follow","max-snippet":"max-snippet:-1","max-image-preview":"max-image-preview:large","max-video-preview":"max-video-preview:-1"},"canonical":"https:\/\/www.arizonafoothillsmagazine.com\/in-house\/in-house-news\/ikea-svartan-collection-launches-september-1","og_locale":"en_US","og_type":"article","og_title":"IKEA SV\u00c4RTAN Collection Launches September 1","og_description":"The IKEA SV\u00c4RTAN collection is the product of a collaboration with Swedish textile designer, Martin Bergstr\u00f6m and Indian fashion students.","og_url":"https:\/\/www.arizonafoothillsmagazine.com\/in-house\/in-house-news\/ikea-svartan-collection-launches-september-1","og_site_name":"In House","article_published_time":"2016-08-30T04:43:36+00:00","og_image":[{"width":1060,"height":550,"url":"https:\/\/media.arizonafoothillsmagazine.com\/in-house\/wp-content\/uploads\/2016\/08\/25100114\/IKEA-SVA%CC%88RTAN-collection__20171_thle01a_01_PH135596.jpg","type":"image\/jpeg"}],"author":"Samantha Stull","twitter_card":"summary_large_image","schema":{"@context":"https:\/\/schema.org","@graph":[{"@type":"Article","@id":"https:\/\/www.arizonafoothillsmagazine.com\/in-house\/in-house-news\/ikea-svartan-collection-launches-september-1#article","isPartOf":{"@id":"https:\/\/www.arizonafoothillsmagazine.com\/in-house\/in-house-news\/ikea-svartan-collection-launches-september-1"},"author":{"name":"Samantha Stull","@id":"https:\/\/www.arizonafoothillsmagazine.com\/in-house\/#\/schema\/person\/0a1ec3ca7bd3d6dd7c51ae86e4e08849"},"headline":"IKEA SV\u00c4RTAN Collection Launches September 1","datePublished":"2016-08-30T04:43:36+00:00","mainEntityOfPage":{"@id":"https:\/\/www.arizonafoothillsmagazine.com\/in-house\/in-house-news\/ikea-svartan-collection-launches-september-1"},"wordCount":331,"commentCount":0,"publisher":{"@id":"https:\/\/www.arizonafoothillsmagazine.com\/in-house\/#organization"},"image":{"@id":"https:\/\/www.arizonafoothillsmagazine.com\/in-house\/in-house-news\/ikea-svartan-collection-launches-september-1#primaryimage"},"thumbnailUrl":"https:\/\/media.arizonafoothillsmagazine.com\/in-house\/wp-content\/uploads\/2016\/08\/25100114\/IKEA-SVA%CC%88RTAN-collection__20171_thle01a_01_PH135596.jpg","keywords":["Ikea","India","Indian","Martin Bergstr\u00f6m","National Institute of Fashion Technology","New Delhi","NIFT","SV\u00c4RTAN"],"articleSection":["D\u00e9cor and Accessories","In House News"],"inLanguage":"en-US","potentialAction":[{"@type":"CommentAction","name":"Comment","target":["https:\/\/www.arizonafoothillsmagazine.com\/in-house\/in-house-news\/ikea-svartan-collection-launches-september-1#respond"]}]},{"@type":"WebPage","@id":"https:\/\/www.arizonafoothillsmagazine.com\/in-house\/in-house-news\/ikea-svartan-collection-launches-september-1","url":"https:\/\/www.arizonafoothillsmagazine.com\/in-house\/in-house-news\/ikea-svartan-collection-launches-september-1","name":"IKEA SV\u00c4RTAN Collection Launches September 1","isPartOf":{"@id":"https:\/\/www.arizonafoothillsmagazine.com\/in-house\/#website"},"primaryImageOfPage":{"@id":"https:\/\/www.arizonafoothillsmagazine.com\/in-house\/in-house-news\/ikea-svartan-collection-launches-september-1#primaryimage"},"image":{"@id":"https:\/\/www.arizonafoothillsmagazine.com\/in-house\/in-house-news\/ikea-svartan-collection-launches-september-1#primaryimage"},"thumbnailUrl":"https:\/\/media.arizonafoothillsmagazine.com\/in-house\/wp-content\/uploads\/2016\/08\/25100114\/IKEA-SVA%CC%88RTAN-collection__20171_thle01a_01_PH135596.jpg","datePublished":"2016-08-30T04:43:36+00:00","description":"The IKEA SV\u00c4RTAN collection is the product of a collaboration with Swedish textile designer, Martin Bergstr\u00f6m and Indian fashion students.","inLanguage":"en-US","potentialAction":[{"@type":"ReadAction","target":["https:\/\/www.arizonafoothillsmagazine.com\/in-house\/in-house-news\/ikea-svartan-collection-launches-september-1"]}]},{"@type":"ImageObject","inLanguage":"en-US","@id":"https:\/\/www.arizonafoothillsmagazine.com\/in-house\/in-house-news\/ikea-svartan-collection-launches-september-1#primaryimage","url":"https:\/\/media.arizonafoothillsmagazine.com\/in-house\/wp-content\/uploads\/2016\/08\/25100114\/IKEA-SVA%CC%88RTAN-collection__20171_thle01a_01_PH135596.jpg","contentUrl":"https:\/\/media.arizonafoothillsmagazine.com\/in-house\/wp-content\/uploads\/2016\/08\/25100114\/IKEA-SVA%CC%88RTAN-collection__20171_thle01a_01_PH135596.jpg","width":1060,"height":550},{"@type":"WebSite","@id":"https:\/\/www.arizonafoothillsmagazine.com\/in-house\/#website","url":"https:\/\/www.arizonafoothillsmagazine.com\/in-house\/","name":"In House","description":"","publisher":{"@id":"https:\/\/www.arizonafoothillsmagazine.com\/in-house\/#organization"},"potentialAction":[{"@type":"SearchAction","target":{"@type":"EntryPoint","urlTemplate":"https:\/\/www.arizonafoothillsmagazine.com\/in-house\/?s={search_term_string}"},"query-input":{"@type":"PropertyValueSpecification","valueRequired":true,"valueName":"search_term_string"}}],"inLanguage":"en-US"},{"@type":"Organization","@id":"https:\/\/www.arizonafoothillsmagazine.com\/in-house\/#organization","name":"AZFoothills.com LLC","url":"https:\/\/www.arizonafoothillsmagazine.com\/in-house\/","logo":{"@type":"ImageObject","inLanguage":"en-US","@id":"https:\/\/www.arizonafoothillsmagazine.com\/in-house\/#\/schema\/logo\/image\/","url":"https:\/\/media.arizonafoothillsmagazine.com\/in-house\/wp-content\/uploads\/2021\/06\/25151206\/apple-touch-icon.jpg","contentUrl":"https:\/\/media.arizonafoothillsmagazine.com\/in-house\/wp-content\/uploads\/2021\/06\/25151206\/apple-touch-icon.jpg","width":180,"height":180,"caption":"AZFoothills.com LLC"},"image":{"@id":"https:\/\/www.arizonafoothillsmagazine.com\/in-house\/#\/schema\/logo\/image\/"}},{"@type":"Person","@id":"https:\/\/www.arizonafoothillsmagazine.com\/in-house\/#\/schema\/person\/0a1ec3ca7bd3d6dd7c51ae86e4e08849","name":"Samantha Stull","image":{"@type":"ImageObject","inLanguage":"en-US","@id":"https:\/\/secure.gravatar.com\/avatar\/4f0942a24ba74a4253b53a23152b4fb7bdea35f41075022b991f5f25299b7d20?s=96&d=mm&r=g","url":"https:\/\/secure.gravatar.com\/avatar\/4f0942a24ba74a4253b53a23152b4fb7bdea35f41075022b991f5f25299b7d20?s=96&d=mm&r=g","contentUrl":"https:\/\/secure.gravatar.com\/avatar\/4f0942a24ba74a4253b53a23152b4fb7bdea35f41075022b991f5f25299b7d20?s=96&d=mm&r=g","caption":"Samantha Stull"},"url":"https:\/\/www.arizonafoothillsmagazine.com\/in-house\/author\/samantha"}]}},"_links":{"self":[{"href":"https:\/\/www.arizonafoothillsmagazine.com\/in-house\/wp-json\/wp\/v2\/posts\/2400","targetHints":{"allow":["GET"]}}],"collection":[{"href":"https:\/\/www.arizonafoothillsmagazine.com\/in-house\/wp-json\/wp\/v2\/posts"}],"about":[{"href":"https:\/\/www.arizonafoothillsmagazine.com\/in-house\/wp-json\/wp\/v2\/types\/post"}],"author":[{"embeddable":true,"href":"https:\/\/www.arizonafoothillsmagazine.com\/in-house\/wp-json\/wp\/v2\/users\/12"}],"replies":[{"embeddable":true,"href":"https:\/\/www.arizonafoothillsmagazine.com\/in-house\/wp-json\/wp\/v2\/comments?post=2400"}],"version-history":[{"count":1,"href":"https:\/\/www.arizonafoothillsmagazine.com\/in-house\/wp-json\/wp\/v2\/posts\/2400\/revisions"}],"predecessor-version":[{"id":2406,"href":"https:\/\/www.arizonafoothillsmagazine.com\/in-house\/wp-json\/wp\/v2\/posts\/2400\/revisions\/2406"}],"wp:featuredmedia":[{"embeddable":true,"href":"https:\/\/www.arizonafoothillsmagazine.com\/in-house\/wp-json\/wp\/v2\/media\/2401"}],"wp:attachment":[{"href":"https:\/\/www.arizonafoothillsmagazine.com\/in-house\/wp-json\/wp\/v2\/media?parent=2400"}],"wp:term":[{"taxonomy":"category","embeddable":true,"href":"https:\/\/www.arizonafoothillsmagazine.com\/in-house\/wp-json\/wp\/v2\/categories?post=2400"},{"taxonomy":"post_tag","embeddable":true,"href":"https:\/\/www.arizonafoothillsmagazine.com\/in-house\/wp-json\/wp\/v2\/tags?post=2400"}],"curies":[{"name":"wp","href":"https:\/\/api.w.org\/{rel}","templated":true}]}}